{"id":197,"date":"2024-06-19T09:21:00","date_gmt":"2024-06-19T13:21:00","guid":{"rendered":"https:\/\/joaoaureliocarmo.com.br\/?p=197"},"modified":"2024-06-19T09:21:02","modified_gmt":"2024-06-19T13:21:02","slug":"o-castelo-de-areia-memorias-de-um-dia-inesquecivel-na-praia-com-a-familia-carmo","status":"publish","type":"post","link":"https:\/\/joaoaureliocarmo.com.br\/index.php\/2024\/06\/19\/o-castelo-de-areia-memorias-de-um-dia-inesquecivel-na-praia-com-a-familia-carmo\/","title":{"rendered":"O Castelo de Areia: Mem\u00f3rias de um Dia Inesquec\u00edvel na Praia com a fam\u00edlia Carmo."},"content":{"rendered":"\n<p><\/p>\n\n\n\n<p>Hoje, as lembran\u00e7as me levaram de volta a um dia incr\u00edvel na praia.<\/p>\n\n\n\n<p>Acho que a praia se chama Praia Grande, comigo estavam alguns primos(as) e o tio Pires.<\/p>\n\n\n\n<p>O sol brilhava, e o som das ondas era uma trilha sonora perfeita para a nossa aventura.<\/p>\n\n\n\n<p>L\u00e1 est\u00e1vamos tio Pires, meus primos(as), e eu, com baldes e p\u00e1s, determinados a construir algo incr\u00edvel na areia.<\/p>\n\n\n\n<p>Tio Pires, sempre sorridente e cheio de hist\u00f3rias, nos ajudava a erguer nosso castelo.<\/p>\n\n\n\n<p>E que castelo! Era imenso, com torres altas e muralhas largas.<\/p>\n\n\n\n<p>Com olhar de crian\u00e7a, as torres eram t\u00e3o altas que pareciam tocar o c\u00e9u.<\/p>\n\n\n\n<p>Cada detalhe era cuidadosamente trabalhado, desde as pequenas escadas em espiral at\u00e9 as varandas que se projetavam das torres, proporcionando uma vista imagin\u00e1ria do mar.<\/p>\n\n\n\n<p>As muralhas eram robustas, com passagens secretas e pequenas pontes que ligavam diferentes partes do castelo.<\/p>\n\n\n\n<p>Havia tamb\u00e9m um fosso ao redor, que enchemos com \u00e1gua do mar, criando uma defesa perfeita contra qualquer invasor imagin\u00e1rio rsrs.<\/p>\n\n\n\n<p>No centro do castelo, constru\u00edmos um grande p\u00e1tio onde colocamos conchas e pedras coloridas que encontramos na praia, decorando-o como se fosse um verdadeiro sal\u00e3o de festas.<\/p>\n\n\n\n<p>As crian\u00e7as que passavam olhavam admiradas, e at\u00e9 os adultos paravam para fotografar aquela obra de arte ef\u00eamera.<\/p>\n\n\n\n<p>A cada torre que subia, sent\u00edamos uma mistura de orgulho e empolga\u00e7\u00e3o.<\/p>\n\n\n\n<p>A areia grudava nas nossas m\u00e3os, e o vento bagun\u00e7ava nossos cabelos, mas nada nos impedia.<\/p>\n\n\n\n<p>Quando o castelo finalmente ficou pronto, tiramos uma foto em grupo, com os p\u00e9s descal\u00e7os afundando na areia fofa.<\/p>\n\n\n\n<p>Naquele dia, o tempo parecia suspenso. O sol se p\u00f4s, e o castelo de areia permaneceu ali, como um monumento \u00e0 nossa imagina\u00e7\u00e3o e uni\u00e3o.<\/p>\n\n\n\n<p>Criar dias memor\u00e1veis para as crian\u00e7as \u00e9 de extrema import\u00e2ncia, pois essas experi\u00eancias moldam suas mem\u00f3rias e influenciam seu desenvolvimento emocional e social.<\/p>\n\n\n\n<p>Foi um dia especial, daquelas mem\u00f3rias que guardamos no cora\u00e7\u00e3o para sempre.<\/p>\n\n\n\n<p>Portanto, investir tempo e esfor\u00e7o em criar dias inesquec\u00edveis \u00e9 um presente inestim\u00e1vel que deixamos para as futuras gera\u00e7\u00f5es.<\/p>\n\n\n\n<p>Autor @joaoaurelio.carmo \u2013 aureliocarmo@gmail.com \u2013 www.joaoaureliocarmo.com.br<\/p>\n","protected":false},"excerpt":{"rendered":"<p>Hoje, as lembran\u00e7as me levaram de volta a um dia incr\u00edvel na praia. Acho que a praia se chama Praia Grande, comigo estavam alguns primos(as) e o tio Pires. O sol brilhava, e o som das ondas era uma trilha sonora perfeita para a nossa aventura. L\u00e1 est\u00e1vamos tio Pires, meus primos(as), e eu, com [&hellip;]<\/p>\n","protected":false},"author":1,"featured_media":0,"comment_status":"open","ping_status":"open","sticky":false,"template":"","format":"standard","meta":{"_monsterinsights_skip_tracking":false,"_monsterinsights_sitenote_active":false,"_monsterinsights_sitenote_note":"","_monsterinsights_sitenote_category":0,"footnotes":""},"categories":[1],"tags":[],"_links":{"self":[{"href":"https:\/\/joaoaureliocarmo.com.br\/index.php\/wp-json\/wp\/v2\/posts\/197"}],"collection":[{"href":"https:\/\/joaoaureliocarmo.com.br\/index.php\/wp-json\/wp\/v2\/posts"}],"about":[{"href":"https:\/\/joaoaureliocarmo.com.br\/index.php\/wp-json\/wp\/v2\/types\/post"}],"author":[{"embeddable":true,"href":"https:\/\/joaoaureliocarmo.com.br\/index.php\/wp-json\/wp\/v2\/users\/1"}],"replies":[{"embeddable":true,"href":"https:\/\/joaoaureliocarmo.com.br\/index.php\/wp-json\/wp\/v2\/comments?post=197"}],"version-history":[{"count":1,"href":"https:\/\/joaoaureliocarmo.com.br\/index.php\/wp-json\/wp\/v2\/posts\/197\/revisions"}],"predecessor-version":[{"id":198,"href":"https:\/\/joaoaureliocarmo.com.br\/index.php\/wp-json\/wp\/v2\/posts\/197\/revisions\/198"}],"wp:attachment":[{"href":"https:\/\/joaoaureliocarmo.com.br\/index.php\/wp-json\/wp\/v2\/media?parent=197"}],"wp:term":[{"taxonomy":"category","embeddable":true,"href":"https:\/\/joaoaureliocarmo.com.br\/index.php\/wp-json\/wp\/v2\/categories?post=197"},{"taxonomy":"post_tag","embeddable":true,"href":"https:\/\/joaoaureliocarmo.com.br\/index.php\/wp-json\/wp\/v2\/tags?post=197"}],"curies":[{"name":"wp","href":"https:\/\/api.w.org\/{rel}","templated":true}]}}