{"id":189,"date":"2024-06-04T15:46:09","date_gmt":"2024-06-04T19:46:09","guid":{"rendered":"https:\/\/joaoaureliocarmo.com.br\/?p=189"},"modified":"2024-06-04T15:47:16","modified_gmt":"2024-06-04T19:47:16","slug":"pare-de-perder-tempo-com-o-que-nao-e-importante","status":"publish","type":"post","link":"https:\/\/joaoaureliocarmo.com.br\/index.php\/2024\/06\/04\/pare-de-perder-tempo-com-o-que-nao-e-importante\/","title":{"rendered":"Pare de Perder Tempo com o que N\u00e3o \u00e9 Importante"},"content":{"rendered":"\n<p><strong>A urg\u00eancia de priorizar o essencial em um mundo acelerado<\/strong><\/p>\n\n\n\n<h3 class=\"wp-block-heading\">Por Jo\u00e3o Aur\u00e9lio Carmo<\/h3>\n\n\n\n<p>Vivemos em uma era onde a informa\u00e7\u00e3o \u00e9 abundante e as distra\u00e7\u00f5es s\u00e3o constantes. A tecnologia, que deveria facilitar nossas vidas, muitas vezes se torna uma fonte de procrastina\u00e7\u00e3o e perda de tempo. Redes sociais, notifica\u00e7\u00f5es incessantes e um fluxo intermin\u00e1vel de conte\u00fado digital competem pela nossa aten\u00e7\u00e3o, desviando-nos do que realmente importa. Mas como podemos identificar e focar no essencial?<\/p>\n\n\n\n<h3 class=\"wp-block-heading\">A Ilus\u00e3o da Multitarefa<\/h3>\n\n\n\n<p>Um dos maiores mitos da produtividade moderna \u00e9 a multitarefa. Estudos mostram que tentar realizar v\u00e1rias tarefas ao mesmo tempo n\u00e3o s\u00f3 reduz a efici\u00eancia, mas tamb\u00e9m aumenta o estresse e a probabilidade de erros. Em vez de tentar fazer tudo ao mesmo tempo, \u00e9 mais eficaz priorizar tarefas e focar em uma de cada vez.<\/p>\n\n\n\n<h3 class=\"wp-block-heading\">A Regra de Pareto: 80\/20<\/h3>\n\n\n\n<p>A Regra de Pareto, ou princ\u00edpio 80\/20, sugere que 80% dos resultados v\u00eam de 20% dos esfor\u00e7os. Identificar quais atividades trazem os maiores benef\u00edcios e concentrar-se nelas pode transformar a maneira como gerenciamos nosso tempo. Isso significa dizer &#8220;n\u00e3o&#8221; a tarefas e compromissos que n\u00e3o agregam valor significativo \u00e0 nossa vida pessoal ou profissional.<\/p>\n\n\n\n<h3 class=\"wp-block-heading\">A Import\u00e2ncia do Planejamento<\/h3>\n\n\n\n<p>Planejar o dia, a semana e at\u00e9 o m\u00eas pode parecer uma tarefa tediosa, mas \u00e9 uma das maneiras mais eficazes de garantir que estamos focando no que \u00e9 importante. Ferramentas como listas de tarefas, agendas e aplicativos de produtividade podem ajudar a manter o foco e a organiza\u00e7\u00e3o.<\/p>\n\n\n\n<h3 class=\"wp-block-heading\">Desconecte-se para Conectar-se<\/h3>\n\n\n\n<p>A constante conectividade digital pode nos fazer sentir ocupados, mas n\u00e3o necessariamente produtivos. Reservar momentos para desconectar-se das telas e conectar-se com pessoas, natureza ou at\u00e9 mesmo consigo mesmo pode trazer clareza e renova\u00e7\u00e3o. Pr\u00e1ticas como medita\u00e7\u00e3o, exerc\u00edcios f\u00edsicos e hobbies offline s\u00e3o essenciais para manter o equil\u00edbrio e a sa\u00fade mental.<\/p>\n\n\n\n<h3 class=\"wp-block-heading\">A Arte de Delegar<\/h3>\n\n\n\n<p>Delegar tarefas n\u00e3o \u00e9 apenas uma maneira de aliviar a carga de trabalho, mas tamb\u00e9m uma forma de empoderar outras pessoas. Aprender a confiar e a delegar responsabilidades pode liberar tempo para focar em atividades mais estrat\u00e9gicas e de maior impacto.<\/p>\n\n\n\n<h3 class=\"wp-block-heading\">Conclus\u00e3o<\/h3>\n\n\n\n<p>Em um mundo onde o tempo \u00e9 um dos recursos mais valiosos, aprender a priorizar o que \u00e9 realmente importante \u00e9 essencial para uma vida equilibrada e produtiva. Ao abandonar a ilus\u00e3o da multitarefa, aplicar a Regra de Pareto, planejar com anteced\u00eancia, desconectar-se periodicamente e delegar tarefas, podemos transformar nossa rela\u00e7\u00e3o com o tempo e alcan\u00e7ar uma maior realiza\u00e7\u00e3o pessoal e profissional.<\/p>\n\n\n\n<hr class=\"wp-block-separator has-alpha-channel-opacity\"\/>\n\n\n\n<p><strong>Sobre o Autor:<\/strong>&nbsp;Jo\u00e3o Aur\u00e9lio Carmo \u00e9 advogado, funcion\u00e1rio p\u00fablico, professor e poeta, eterno estudante do Direito e da b\u00edblia, gosta de comentar sobre um pouco de tudo.<\/p>\n","protected":false},"excerpt":{"rendered":"<p>A urg\u00eancia de priorizar o essencial em um mundo acelerado Por Jo\u00e3o Aur\u00e9lio Carmo Vivemos em uma era onde a informa\u00e7\u00e3o \u00e9 abundante e as distra\u00e7\u00f5es s\u00e3o constantes. A tecnologia, que deveria facilitar nossas vidas, muitas vezes se torna uma fonte de procrastina\u00e7\u00e3o e perda de tempo. Redes sociais, notifica\u00e7\u00f5es incessantes e um fluxo intermin\u00e1vel [&hellip;]<\/p>\n","protected":false},"author":1,"featured_media":0,"comment_status":"open","ping_status":"open","sticky":false,"template":"","format":"standard","meta":{"_monsterinsights_skip_tracking":false,"_monsterinsights_sitenote_active":false,"_monsterinsights_sitenote_note":"","_monsterinsights_sitenote_category":0,"footnotes":""},"categories":[1],"tags":[],"_links":{"self":[{"href":"https:\/\/joaoaureliocarmo.com.br\/index.php\/wp-json\/wp\/v2\/posts\/189"}],"collection":[{"href":"https:\/\/joaoaureliocarmo.com.br\/index.php\/wp-json\/wp\/v2\/posts"}],"about":[{"href":"https:\/\/joaoaureliocarmo.com.br\/index.php\/wp-json\/wp\/v2\/types\/post"}],"author":[{"embeddable":true,"href":"https:\/\/joaoaureliocarmo.com.br\/index.php\/wp-json\/wp\/v2\/users\/1"}],"replies":[{"embeddable":true,"href":"https:\/\/joaoaureliocarmo.com.br\/index.php\/wp-json\/wp\/v2\/comments?post=189"}],"version-history":[{"count":2,"href":"https:\/\/joaoaureliocarmo.com.br\/index.php\/wp-json\/wp\/v2\/posts\/189\/revisions"}],"predecessor-version":[{"id":191,"href":"https:\/\/joaoaureliocarmo.com.br\/index.php\/wp-json\/wp\/v2\/posts\/189\/revisions\/191"}],"wp:attachment":[{"href":"https:\/\/joaoaureliocarmo.com.br\/index.php\/wp-json\/wp\/v2\/media?parent=189"}],"wp:term":[{"taxonomy":"category","embeddable":true,"href":"https:\/\/joaoaureliocarmo.com.br\/index.php\/wp-json\/wp\/v2\/categories?post=189"},{"taxonomy":"post_tag","embeddable":true,"href":"https:\/\/joaoaureliocarmo.com.br\/index.php\/wp-json\/wp\/v2\/tags?post=189"}],"curies":[{"name":"wp","href":"https:\/\/api.w.org\/{rel}","templated":true}]}}